[{"@context":"https:\/\/schema.org\/","@type":"Article","@id":"https:\/\/www.vydis.cz\/vlastenecke-triko\/#Article","mainEntityOfPage":"https:\/\/www.vydis.cz\/vlastenecke-triko\/","headline":"Vlasteneck\u00e9 triko","name":"Vlasteneck\u00e9 triko","description":"Jsem takov\u00fd typ \u017eeny, kter\u00e1 m\u00e1 r\u00e1da opravdu moc m\u00f3du. A taky se zaj\u00edm\u00e1m o m\u00f3du opravdu u\u017e hodn\u011b dlouho, tak\u017ee se mi nebudete divit, \u017ee m\u00e1m taky opravdu velkou \u0161atn\u00ed sk\u0159\u00ed\u0148. A v \u0161atn\u00ed sk\u0159\u00edni m\u00e1m toho opravdu hodn\u011b, ale taky db\u00e1m zase na to, aby moje sk\u0159\u00ed\u0148 byla opravdu \u00fahledn\u011b srovnan\u00e1. A opravdu...","datePublished":"2022-12-27","dateModified":"2023-05-19","author":{"@type":"Person","@id":"https:\/\/www.vydis.cz\/author\/#Person","name":"","url":"https:\/\/www.vydis.cz\/author\/","identifier":1,"image":{"@type":"ImageObject","@id":"https:\/\/secure.gravatar.com\/avatar\/c61c2d82e330ff9c70cf023b4c62d411e8407bcb38f85df591fa270717754b44?s=96&d=mm&r=g","url":"https:\/\/secure.gravatar.com\/avatar\/c61c2d82e330ff9c70cf023b4c62d411e8407bcb38f85df591fa270717754b44?s=96&d=mm&r=g","height":96,"width":96}},"publisher":{"@type":"Organization","name":"vydis.cz","logo":{"@type":"ImageObject","@id":"\/logo.png","url":"\/logo.png","width":600,"height":60}},"image":{"@type":"ImageObject","@id":"https:\/\/www.vydis.cz\/wp-content\/uploads\/lion-3576045_960_720_1.jpg","url":"https:\/\/www.vydis.cz\/wp-content\/uploads\/lion-3576045_960_720_1.jpg","height":0,"width":0},"url":"https:\/\/www.vydis.cz\/vlastenecke-triko\/","about":["Produkty"],"wordCount":418,"articleBody":"       Jsem takov\u00fd typ \u017eeny, kter\u00e1 m\u00e1 r\u00e1da opravdu moc m\u00f3du. A taky se zaj\u00edm\u00e1m o m\u00f3du opravdu u\u017e hodn\u011b dlouho, tak\u017ee se mi nebudete divit, \u017ee m\u00e1m taky opravdu velkou \u0161atn\u00ed sk\u0159\u00ed\u0148. A v \u0161atn\u00ed sk\u0159\u00edni m\u00e1m toho opravdu hodn\u011b, ale taky db\u00e1m zase na to, aby moje sk\u0159\u00ed\u0148 byla opravdu \u00fahledn\u011b srovnan\u00e1. A opravdu nem\u00e1m r\u00e1da, kdy\u017e k n\u011bkomu vlezu do sk\u0159\u00edn\u011b a vid\u00edm tam jenom takov\u00e9 hromady a koule pr\u00e1dla, kter\u00e9 je \u00fapln\u011b nesrovnan\u00e9 a nep\u0159ehledn\u00e9. Ale nemyslete si o m\u011b, \u017ee se jenom tak kouk\u00e1m n\u011bkomu do sk\u0159\u00edn\u011b. Tohle v\u016fbec ne, proto\u017ee j\u00e1 v\u017edycky se jenom zaj\u00edm\u00e1m o to, jak kdo to m\u00e1 doma, tak mi to taky ka\u017ed\u00fd r\u00e1d uk\u00e1\u017ee. A to t\u0159eba u moj\u00ed sestry, kter\u00e1 je opravdu velk\u00e1 bordel\u00e1\u0159ka, proto\u017ee v\u0161ude m\u00e1 velik\u00fd bordel a taky j\u00ed to, ale v\u016fbec nevad\u00ed. To j\u00e1 bych se zbl\u00e1znila. A abych se v\u00e1m p\u0159iznala, tak taky velice m\u011bn\u00edm rychle styl toho, co se mi l\u00edb\u00ed. A v posledn\u00ed dob\u011b se mi velice l\u00edb\u00ed takov\u00fd army styl a dal\u0161\u00ed podobn\u00e9 military oble\u010den\u00ed. A to t\u0159eba tak\u00e9 tri\u010dka motivem \u010cesk\u00e9ho lva. L\u00edb\u00ed se v\u00e1m tri\u010dko \u010cesk\u00fd lev? Anebo co kdybyste m\u011bli takovou \u010depici? Mus\u00edm uznat, \u017ee to velice zaj\u00edmav\u00e9 a podle m\u00e9ho n\u00e1zoru by to ka\u017ed\u00e9ho mohlo zaujmout. Jsou to takov\u00e9 vlasteneck\u00e9 motivy, kter\u00e9 zaujmou hlavn\u011b takov\u00e9 lidi, kte\u0159\u00ed jsou prav\u00ed \u010ce\u0161i, jak se jim p\u0159eci taky \u0159\u00edk\u00e1.J\u00e1 jsem taky prav\u00e1 \u010ce\u0161ka, sice m\u00e1m taky r\u00e1da \u010desk\u00e9 motivy, jako nap\u0159\u00edklad \u010cesk\u00e9ho lva, ale samoz\u0159ejm\u011b to v\u016fbec nep\u0159eh\u00e1n\u00edm. Nejsem takov\u00fd typ \u010dlov\u011bka, co by si hned v\u0161echno bral a\u017e moc v\u00e1\u017en\u011b. A nav\u00edc, co se t\u00fd\u010de m\u00f3dy, tak opravdu r\u00e1da experimentuji a klidn\u011b bych si po\u0159\u00eddila i mask\u00e1\u010dov\u00e9 py\u017eamo. A v\u00e1m by se l\u00edbila m\u00f3da s vlasteneck\u00fdmi motivy jako t\u0159eba s \u010desk\u00fdm lvem? Pokud ano, tak se pod\u00edvejte samoz\u0159ejm\u011b na webov\u00e9 str\u00e1nky armytrika.cz, kde najdete opravdu mnoho kr\u00e1sn\u00fdch a stylov\u00fdch v\u011bc\u00ed. J\u00e1 sama tady na tomto e-shopu nakupuji velmi r\u00e1da a taky dost \u010dasto.                                                                                                                                                                                                                                                                                                                                                                                           3.3\/5 - (11 votes)        "},{"@context":"https:\/\/schema.org\/","@type":"BreadcrumbList","itemListElement":[{"@type":"ListItem","position":1,"name":"Vlasteneck\u00e9 triko","item":"https:\/\/www.vydis.cz\/vlastenecke-triko\/#breadcrumbitem"}]}]