[{"@context":"https:\/\/schema.org\/","@type":"Article","@id":"https:\/\/www.vydis.cz\/uklidovy-vozik\/#Article","mainEntityOfPage":"https:\/\/www.vydis.cz\/uklidovy-vozik\/","headline":"\u00daklidov\u00fd voz\u00edk","name":"\u00daklidov\u00fd voz\u00edk","description":"\u00daklidov\u00fd voz\u00edk Chcete usnadnit \u00faklid ve va\u0161em podniku, firm\u011b, \u0161kole nebo jin\u00e9 instituci? Po\u0159i\u010fte va\u0161emu person\u00e1lu \u00faklidov\u00fd voz\u00edk, a nebo hned n\u011bkolik. Jedn\u00e1 se o skv\u011bl\u00e9ho pomocn\u00edka, kter\u00fd urychl\u00ed a zefektivn\u00ed \u00faklid a pom\u016f\u017ee ho prov\u00e1d\u011bt snadn\u011bji. \u00daklidov\u00fd voz\u00edk \u00daklid je velice d\u016fle\u017eit\u00e1 \u010dinnost, a pr\u00e1v\u011b proto, \u017ee je neobl\u00edben\u00e1, by se m\u011bl pou\u017e\u00edvat \u00faklidov\u00fd...","datePublished":"2024-10-28","dateModified":"2024-10-28","author":{"@type":"Person","@id":"https:\/\/www.vydis.cz\/author\/#Person","name":"","url":"https:\/\/www.vydis.cz\/author\/","identifier":1,"image":{"@type":"ImageObject","@id":"https:\/\/secure.gravatar.com\/avatar\/c61c2d82e330ff9c70cf023b4c62d411e8407bcb38f85df591fa270717754b44?s=96&d=mm&r=g","url":"https:\/\/secure.gravatar.com\/avatar\/c61c2d82e330ff9c70cf023b4c62d411e8407bcb38f85df591fa270717754b44?s=96&d=mm&r=g","height":96,"width":96}},"publisher":{"@type":"Organization","name":"vydis.cz","logo":{"@type":"ImageObject","@id":"\/logo.png","url":"\/logo.png","width":600,"height":60}},"url":"https:\/\/www.vydis.cz\/uklidovy-vozik\/","wordCount":186,"articleBody":"\u00daklidov\u00fd voz\u00edk Chcete usnadnit \u00faklid ve va\u0161em podniku, firm\u011b, \u0161kole nebo jin\u00e9 instituci? Po\u0159i\u010fte va\u0161emu person\u00e1lu \u00faklidov\u00fd voz\u00edk, a nebo hned n\u011bkolik. Jedn\u00e1 se o skv\u011bl\u00e9ho pomocn\u00edka, kter\u00fd urychl\u00ed a zefektivn\u00ed \u00faklid a pom\u016f\u017ee ho prov\u00e1d\u011bt snadn\u011bji.\u00daklidov\u00fd voz\u00edk\u00daklid je velice d\u016fle\u017eit\u00e1 \u010dinnost, a pr\u00e1v\u011b proto, \u017ee je neobl\u00edben\u00e1, by se m\u011bl pou\u017e\u00edvat \u00faklidov\u00fd voz\u00edk, kter\u00fd pr\u00e1ci zjednodu\u0161\u00ed a urychl\u00ed. Ned\u0159ete se zbyte\u010dn\u011b, ale pracujte efektivn\u011b a se skv\u011bl\u00fdmi v\u00fdsledky.Skv\u011bl\u00e9 cenyPo\u0159i\u010fte si \u00faklidov\u00fd voz\u00edk za opravdu skv\u011bl\u00e9 ceny. Nebojte s investovat, pou\u017e\u00edv\u00e1n\u00edm t\u011bchto voz\u00edk\u016f u\u0161et\u0159\u00edte spoustu \u010dasu p\u0159i neobl\u00edben\u00e9m \u00faklidu. Nem\u011bjte obavy, \u017ee se voz\u00edk za p\u00e1r m\u011bs\u00edc\u016f rozbije, poskytujeme na n\u011bho z\u00e1ruku sedm let, proto\u017ee jsme p\u0159esv\u011bd\u010deni o jeho kvalit\u00e1ch. P\u0159esv\u011bd\u010dte se i vy a usnadn\u011bte \u00faklid co nejd\u0159\u00edve.                                                                                                                                                                                                                                                                                                                                                                                        5\/5 - (1 vote)        "},{"@context":"https:\/\/schema.org\/","@type":"BreadcrumbList","itemListElement":[{"@type":"ListItem","position":1,"name":"\u00daklidov\u00fd voz\u00edk","item":"https:\/\/www.vydis.cz\/uklidovy-vozik\/#breadcrumbitem"}]}]