[{"@context":"https:\/\/schema.org\/","@type":"Article","@id":"https:\/\/www.vydis.cz\/propagacni-materialy\/#Article","mainEntityOfPage":"https:\/\/www.vydis.cz\/propagacni-materialy\/","headline":"Propaga\u010dn\u00ed materi\u00e1ly","name":"Propaga\u010dn\u00ed materi\u00e1ly","description":"Pokud u\u017e jste se za\u010dali realizovat v oblasti marketingu, jist\u011b v\u00edte, \u017ee to nen\u00ed jen o p\u0159\u00edm\u00e9m, \u010di telefonn\u00edm, nebo elektronick\u00e9m styku a jedn\u00e1n\u00ed se z\u00e1kazn\u00edky, ale tak\u00e9 o spoust\u011b dal\u0161\u00edch v\u011bc\u00ed, z nich\u017e segment propagace je jedn\u00edm z nejd\u016fle\u017eit\u011bj\u0161\u00edch. Znamen\u00e1 to nejen inzerci v tisku, na internetu, v televizi, \u010di na rozhlasov\u00fdch stanic\u00edch, ale...","datePublished":"2025-09-04","dateModified":"2025-09-04","author":{"@type":"Person","@id":"https:\/\/www.vydis.cz\/author\/#Person","name":"","url":"https:\/\/www.vydis.cz\/author\/","identifier":1,"image":{"@type":"ImageObject","@id":"https:\/\/secure.gravatar.com\/avatar\/c61c2d82e330ff9c70cf023b4c62d411e8407bcb38f85df591fa270717754b44?s=96&d=mm&r=g","url":"https:\/\/secure.gravatar.com\/avatar\/c61c2d82e330ff9c70cf023b4c62d411e8407bcb38f85df591fa270717754b44?s=96&d=mm&r=g","height":96,"width":96}},"publisher":{"@type":"Organization","name":"vydis.cz","logo":{"@type":"ImageObject","@id":"\/logo.png","url":"\/logo.png","width":600,"height":60}},"url":"https:\/\/www.vydis.cz\/propagacni-materialy\/","wordCount":172,"articleBody":"Pokud u\u017e jste se za\u010dali realizovat v oblasti marketingu, jist\u011b v\u00edte, \u017ee to nen\u00ed jen o p\u0159\u00edm\u00e9m, \u010di telefonn\u00edm, nebo elektronick\u00e9m styku a jedn\u00e1n\u00ed se z\u00e1kazn\u00edky, ale tak\u00e9 o spoust\u011b dal\u0161\u00edch v\u011bc\u00ed, z nich\u017e segment propagace je jedn\u00edm z nejd\u016fle\u017eit\u011bj\u0161\u00edch. Znamen\u00e1 to nejen inzerci v tisku, na internetu, v televizi, \u010di na rozhlasov\u00fdch stanic\u00edch, ale i plak\u00e1ty, let\u00e1ky, propaga\u010dn\u00ed p\u0159edm\u011bty, ale nap\u0159\u00edklad tak\u00e9 velice osv\u011bd\u010den\u00fd prost\u0159edek, kter\u00fdm je samoz\u0159ejm\u011b reklamn\u00ed textil. V n\u011bkter\u00fdch p\u0159\u00edpadech vhodn\u00fd dopln\u011bk, ale jindy naprost\u00e1 nezbytnost. Kde v\u00e1m pom\u016f\u017ee? Jednodu\u0161e se d\u00e1 \u0159\u00edct, \u017ee v\u0161ude. M\u016f\u017ee se to zd\u00e1t nadnesen\u00e9, ale vzhledem k \u0161irok\u00e9 nab\u00eddce a t\u00e9m\u011b\u0159 nevy\u010derpateln\u00e9mu mno\u017estv\u00ed zpracov\u00e1n\u00ed a grafick\u00fdch n\u00e1vrh\u016f, je to opravdu re\u00e1ln\u00e9 tvrzen\u00ed. Od oblig\u00e1tn\u00edch tri\u010dek a\u017e po kvalitn\u00ed fleecov\u00e9m mikiny.                                                                                                                                                                                                                                                                                                                                                                                                "},{"@context":"https:\/\/schema.org\/","@type":"BreadcrumbList","itemListElement":[{"@type":"ListItem","position":1,"name":"Propaga\u010dn\u00ed materi\u00e1ly","item":"https:\/\/www.vydis.cz\/propagacni-materialy\/#breadcrumbitem"}]}]