[{"@context":"https:\/\/schema.org\/","@type":"Article","@id":"https:\/\/www.vydis.cz\/produkt-pro-vase-zdrava-zada\/#Article","mainEntityOfPage":"https:\/\/www.vydis.cz\/produkt-pro-vase-zdrava-zada\/","headline":"Produkt pro va\u0161e zdrav\u00e1 z\u00e1da","name":"Produkt pro va\u0161e zdrav\u00e1 z\u00e1da","description":"Zaj\u00edmejte se o \u017eidli k po\u010d\u00edta\u010di, kter\u00e1 se v\u00e1m bude nejen l\u00edbit, ale budete se moci spolehnout na jej\u00ed funkce a proveden\u00ed, kter\u00e9 ulev\u00ed z\u00e1t\u011b\u017ei na va\u0161e z\u00e1da a p\u00e1te\u0159. P\u0159i dlouhodob\u00e9m sezen\u00ed vyv\u00edj\u00edme nadm\u011brn\u00fd tlak na p\u00e1te\u0159, kter\u00e1 nen\u00ed p\u0159izp\u016fsobena k dlouhodob\u00e9 z\u00e1t\u011b\u017ei p\u0159i t\u00e9to pozici, a proto se velmi \u010dasto objevuje bolest hlavy,...","datePublished":"2025-03-13","dateModified":"2025-03-13","author":{"@type":"Person","@id":"https:\/\/www.vydis.cz\/author\/#Person","name":"","url":"https:\/\/www.vydis.cz\/author\/","identifier":1,"image":{"@type":"ImageObject","@id":"https:\/\/secure.gravatar.com\/avatar\/c61c2d82e330ff9c70cf023b4c62d411e8407bcb38f85df591fa270717754b44?s=96&d=mm&r=g","url":"https:\/\/secure.gravatar.com\/avatar\/c61c2d82e330ff9c70cf023b4c62d411e8407bcb38f85df591fa270717754b44?s=96&d=mm&r=g","height":96,"width":96}},"publisher":{"@type":"Organization","name":"vydis.cz","logo":{"@type":"ImageObject","@id":"\/logo.png","url":"\/logo.png","width":600,"height":60}},"url":"https:\/\/www.vydis.cz\/produkt-pro-vase-zdrava-zada\/","wordCount":188,"articleBody":"Zaj\u00edmejte se o \u017eidli k po\u010d\u00edta\u010di, kter\u00e1 se v\u00e1m bude nejen l\u00edbit, ale budete se moci spolehnout na jej\u00ed funkce a proveden\u00ed, kter\u00e9 ulev\u00ed z\u00e1t\u011b\u017ei na va\u0161e z\u00e1da a p\u00e1te\u0159. P\u0159i dlouhodob\u00e9m sezen\u00ed vyv\u00edj\u00edme nadm\u011brn\u00fd tlak na p\u00e1te\u0159, kter\u00e1 nen\u00ed p\u0159izp\u016fsobena k dlouhodob\u00e9 z\u00e1t\u011b\u017ei p\u0159i t\u00e9to pozici, a proto se velmi \u010dasto objevuje bolest hlavy, zad, brn\u011bn\u00ed kon\u010detin nebo dokonce zak\u0159iven\u00ed p\u00e1te\u0159e do nestandardn\u00ed pozice, co\u017e pak ovliv\u0148uje n\u00e1\u0161 fyzick\u00fd apar\u00e1t p\u0159i jin\u00e9m pohybu.N\u00e1kup levn\u011b, ale kvalitn\u011bJe jasn\u00e9, \u017ee p\u0159i n\u00e1kupu a v\u00fdb\u011bru \u017eidle n\u00e1\u0161 n\u00e1zor a mo\u017enosti ovliv\u0148uje p\u0159edev\u0161\u00edm cena, ale v\u017edy mezi sebou porovnejte v\u00edc produkt\u016f, proto\u017ee jak sami uvid\u00edte, sta\u010d\u00ed zm\u011bnit v\u00fdrobce a za stejnou nebo podobnou cenu m\u016f\u017eete m\u00edt v\u00fdrobek lep\u0161\u00ed a mnohem kvalitn\u011bj\u0161\u00ed. Nebojte se \u010dinit \u00fastupky a ani rozhodnut\u00ed, kter\u00e9 m\u016f\u017eou z\u00e1sadn\u011b ovlivnit va\u0161e budouc\u00ed zdrav\u00ed.                                                                                                                                                                                                                                                                                                                                                                                                 "},{"@context":"https:\/\/schema.org\/","@type":"BreadcrumbList","itemListElement":[{"@type":"ListItem","position":1,"name":"Produkt pro va\u0161e zdrav\u00e1 z\u00e1da","item":"https:\/\/www.vydis.cz\/produkt-pro-vase-zdrava-zada\/#breadcrumbitem"}]}]