[{"@context":"https:\/\/schema.org\/","@type":"Article","@id":"https:\/\/www.vydis.cz\/pro-kazdeho-ridice\/#Article","mainEntityOfPage":"https:\/\/www.vydis.cz\/pro-kazdeho-ridice\/","headline":"Pro ka\u017ed\u00e9ho \u0159idi\u010de!","name":"Pro ka\u017ed\u00e9ho \u0159idi\u010de!","description":"Prahnete po nov\u00e9m vozidlu, kter\u00e9 v\u00e1m z\u00e1rove\u0148 p\u0159ivede hotov\u00e9 sedm\u00e9 nebe na zemi? P\u0159ejete si jezdit v opravdov\u00e9 limuz\u00edn\u011b, kter\u00e1 v\u00e1s v\u017edy p\u0159i usednut\u00ed za volant dostane do r\u00e1je, a chcete toto p\u0159\u00e1n\u00ed zrealizovat co nejd\u0159\u00edve? Pak pr\u00e1v\u011b pro v\u00e1s je tady firma CAP POINT, nebo\u0165 pr\u00e1v\u011b v na\u0161\u00ed nab\u00eddce najdete nej\u0161ir\u0161\u00ed v\u00fdb\u011br zna\u010dkov\u00fdch vozidel...","datePublished":"2025-03-22","dateModified":"2025-03-22","author":{"@type":"Person","@id":"https:\/\/www.vydis.cz\/author\/#Person","name":"","url":"https:\/\/www.vydis.cz\/author\/","identifier":1,"image":{"@type":"ImageObject","@id":"https:\/\/secure.gravatar.com\/avatar\/c61c2d82e330ff9c70cf023b4c62d411e8407bcb38f85df591fa270717754b44?s=96&d=mm&r=g","url":"https:\/\/secure.gravatar.com\/avatar\/c61c2d82e330ff9c70cf023b4c62d411e8407bcb38f85df591fa270717754b44?s=96&d=mm&r=g","height":96,"width":96}},"publisher":{"@type":"Organization","name":"vydis.cz","logo":{"@type":"ImageObject","@id":"\/logo.png","url":"\/logo.png","width":600,"height":60}},"url":"https:\/\/www.vydis.cz\/pro-kazdeho-ridice\/","wordCount":186,"articleBody":"Prahnete po nov\u00e9m vozidlu, kter\u00e9 v\u00e1m z\u00e1rove\u0148 p\u0159ivede hotov\u00e9 sedm\u00e9 nebe na zemi? P\u0159ejete si jezdit v opravdov\u00e9 limuz\u00edn\u011b, kter\u00e1 v\u00e1s v\u017edy p\u0159i usednut\u00ed za volant dostane do r\u00e1je, a chcete toto p\u0159\u00e1n\u00ed zrealizovat co nejd\u0159\u00edve? Pak pr\u00e1v\u011b pro v\u00e1s je tady firma CAP POINT, nebo\u0165 pr\u00e1v\u011b v na\u0161\u00ed nab\u00eddce najdete nej\u0161ir\u0161\u00ed v\u00fdb\u011br zna\u010dkov\u00fdch vozidel Volkswagen! V\u011b\u0159te n\u00e1m a my v\u00e1m slibujeme, \u017ee zvol\u00edte spr\u00e1vn\u011b! Vyb\u00edrejte z v\u011bt\u0161\u00edho mno\u017estv\u00ed! A nav\u00edc, pro ka\u017ed\u00e9ho, kdo p\u0159ijde d\u0159\u00edve, bude m\u00edt v\u017edy mo\u017enost vyb\u00edrat z v\u011bt\u0161\u00ed nab\u00eddky vozidel! V\u011bt\u0161\u00ed v\u00fdb\u011br samoz\u0159ejm\u011b znamen\u00e1 i v\u011bt\u0161\u00ed pot\u011b\u0161en\u00ed pro v\u00e1s a mimo to, samoz\u0159ejmost\u00ed je takt\u00e9\u017e i mo\u017enost konfigurace va\u0161eho vybran\u00e9ho vozidla ve sm\u011bru vybavenosti interi\u00e9ru! P\u0159ij\u010fte k n\u00e1m a my v\u00e1m garantujeme, \u017ee si ur\u010dit\u011b vyberete a budete maxim\u00e1ln\u011b nad\u0161en\u00ed!                                                                                                                                                                                                                                                                                                                                                                                                "},{"@context":"https:\/\/schema.org\/","@type":"BreadcrumbList","itemListElement":[{"@type":"ListItem","position":1,"name":"Pro ka\u017ed\u00e9ho \u0159idi\u010de!","item":"https:\/\/www.vydis.cz\/pro-kazdeho-ridice\/#breadcrumbitem"}]}]