[{"@context":"https:\/\/schema.org\/","@type":"Blog","@id":"https:\/\/www.vydis.cz#Blog","headline":"Vydis","description":"\nPot\u00fdk\u00e1te se ve sv\u00e9m podnik\u00e1n\u00ed se zd\u00e1nliv\u011b ne\u0159e\u0161iteln\u00fdmi probl\u00e9my? Pak v\u00e1m mo\u017en\u00e1 pr\u00e1v\u011b n\u00e1\u0161 web dok\u00e1\u017ee, \u017ee ne\u0159e\u0161iteln\u00e9 probl\u00e9my neexistuj\u00ed, a pom\u016f\u017ee v\u00e1m naj\u00edt \u0159e\u0161en\u00ed.","url":"https:\/\/www.vydis.cz","hasPart":[{"@type":"Article","@id":"https:\/\/www.vydis.cz\/levna-dvirka\/","headline":"Levn\u00e1 dv\u00ed\u0159ka","url":"https:\/\/www.vydis.cz\/levna-dvirka\/","datePublished":"2025-01-11","dateModified":"2025-01-11","mainEntityOfPage":"https:\/\/www.vydis.cz\/levna-dvirka\/","author":{"@type":"Person","@id":"https:\/\/www.vydis.cz\/author\/#Person","name":"","url":"https:\/\/www.vydis.cz\/author\/","identifier":1,"image":{"@type":"ImageObject","@id":"https:\/\/secure.gravatar.com\/avatar\/c61c2d82e330ff9c70cf023b4c62d411e8407bcb38f85df591fa270717754b44?s=96&d=mm&r=g","url":"https:\/\/secure.gravatar.com\/avatar\/c61c2d82e330ff9c70cf023b4c62d411e8407bcb38f85df591fa270717754b44?s=96&d=mm&r=g","height":96,"width":96}},"publisher":{"@type":"Organization","name":"vydis.cz","logo":{"@type":"ImageObject","@id":"\/logo.png","url":"\/logo.png","width":600,"height":60}},"image":null,"wordCount":231,"keywords":null},{"@type":"Article","@id":"https:\/\/www.vydis.cz\/machovo-jezero\/","headline":"M\u00e1chovo jezero","url":"https:\/\/www.vydis.cz\/machovo-jezero\/","datePublished":"2025-01-06","dateModified":"2025-01-06","mainEntityOfPage":"https:\/\/www.vydis.cz\/machovo-jezero\/","author":{"@type":"Person","@id":"https:\/\/www.vydis.cz\/author\/#Person","name":"","url":"https:\/\/www.vydis.cz\/author\/","identifier":1,"image":{"@type":"ImageObject","@id":"https:\/\/secure.gravatar.com\/avatar\/c61c2d82e330ff9c70cf023b4c62d411e8407bcb38f85df591fa270717754b44?s=96&d=mm&r=g","url":"https:\/\/secure.gravatar.com\/avatar\/c61c2d82e330ff9c70cf023b4c62d411e8407bcb38f85df591fa270717754b44?s=96&d=mm&r=g","height":96,"width":96}},"publisher":{"@type":"Organization","name":"vydis.cz","logo":{"@type":"ImageObject","@id":"\/logo.png","url":"\/logo.png","width":600,"height":60}},"image":null,"wordCount":211,"keywords":null},{"@type":"Article","@id":"https:\/\/www.vydis.cz\/budte-stylovi\/","headline":"Bu\u010fte stylov\u00ed","url":"https:\/\/www.vydis.cz\/budte-stylovi\/","datePublished":"2025-01-01","dateModified":"2025-01-01","mainEntityOfPage":"https:\/\/www.vydis.cz\/budte-stylovi\/","author":{"@type":"Person","@id":"https:\/\/www.vydis.cz\/author\/#Person","name":"","url":"https:\/\/www.vydis.cz\/author\/","identifier":1,"image":{"@type":"ImageObject","@id":"https:\/\/secure.gravatar.com\/avatar\/c61c2d82e330ff9c70cf023b4c62d411e8407bcb38f85df591fa270717754b44?s=96&d=mm&r=g","url":"https:\/\/secure.gravatar.com\/avatar\/c61c2d82e330ff9c70cf023b4c62d411e8407bcb38f85df591fa270717754b44?s=96&d=mm&r=g","height":96,"width":96}},"publisher":{"@type":"Organization","name":"vydis.cz","logo":{"@type":"ImageObject","@id":"\/logo.png","url":"\/logo.png","width":600,"height":60}},"image":null,"wordCount":212,"keywords":null},{"@type":"Article","@id":"https:\/\/www.vydis.cz\/automobil-ktery-stoji-za-to\/","headline":"Automobil, kter\u00fd stoj\u00ed za to!","url":"https:\/\/www.vydis.cz\/automobil-ktery-stoji-za-to\/","datePublished":"2024-12-24","dateModified":"2024-12-24","mainEntityOfPage":"https:\/\/www.vydis.cz\/automobil-ktery-stoji-za-to\/","author":{"@type":"Person","@id":"https:\/\/www.vydis.cz\/author\/#Person","name":"","url":"https:\/\/www.vydis.cz\/author\/","identifier":1,"image":{"@type":"ImageObject","@id":"https:\/\/secure.gravatar.com\/avatar\/c61c2d82e330ff9c70cf023b4c62d411e8407bcb38f85df591fa270717754b44?s=96&d=mm&r=g","url":"https:\/\/secure.gravatar.com\/avatar\/c61c2d82e330ff9c70cf023b4c62d411e8407bcb38f85df591fa270717754b44?s=96&d=mm&r=g","height":96,"width":96}},"publisher":{"@type":"Organization","name":"vydis.cz","logo":{"@type":"ImageObject","@id":"\/logo.png","url":"\/logo.png","width":600,"height":60}},"image":null,"wordCount":293,"keywords":null},{"@type":"Article","@id":"https:\/\/www.vydis.cz\/na-jeho-zdravi-zalezi\/","headline":"Na jeho zdrav\u00ed z\u00e1le\u017e\u00ed!","url":"https:\/\/www.vydis.cz\/na-jeho-zdravi-zalezi\/","datePublished":"2024-12-17","dateModified":"2024-12-17","mainEntityOfPage":"https:\/\/www.vydis.cz\/na-jeho-zdravi-zalezi\/","author":{"@type":"Person","@id":"https:\/\/www.vydis.cz\/author\/#Person","name":"","url":"https:\/\/www.vydis.cz\/author\/","identifier":1,"image":{"@type":"ImageObject","@id":"https:\/\/secure.gravatar.com\/avatar\/c61c2d82e330ff9c70cf023b4c62d411e8407bcb38f85df591fa270717754b44?s=96&d=mm&r=g","url":"https:\/\/secure.gravatar.com\/avatar\/c61c2d82e330ff9c70cf023b4c62d411e8407bcb38f85df591fa270717754b44?s=96&d=mm&r=g","height":96,"width":96}},"publisher":{"@type":"Organization","name":"vydis.cz","logo":{"@type":"ImageObject","@id":"\/logo.png","url":"\/logo.png","width":600,"height":60}},"image":null,"wordCount":216,"keywords":null},{"@type":"Article","@id":"https:\/\/www.vydis.cz\/skvela-nabidka\/","headline":"Skv\u011bl\u00e1 nab\u00eddka","url":"https:\/\/www.vydis.cz\/skvela-nabidka\/","datePublished":"2024-12-12","dateModified":"2024-12-12","mainEntityOfPage":"https:\/\/www.vydis.cz\/skvela-nabidka\/","author":{"@type":"Person","@id":"https:\/\/www.vydis.cz\/author\/#Person","name":"","url":"https:\/\/www.vydis.cz\/author\/","identifier":1,"image":{"@type":"ImageObject","@id":"https:\/\/secure.gravatar.com\/avatar\/c61c2d82e330ff9c70cf023b4c62d411e8407bcb38f85df591fa270717754b44?s=96&d=mm&r=g","url":"https:\/\/secure.gravatar.com\/avatar\/c61c2d82e330ff9c70cf023b4c62d411e8407bcb38f85df591fa270717754b44?s=96&d=mm&r=g","height":96,"width":96}},"publisher":{"@type":"Organization","name":"vydis.cz","logo":{"@type":"ImageObject","@id":"\/logo.png","url":"\/logo.png","width":600,"height":60}},"image":null,"wordCount":243,"keywords":null},{"@type":"Article","@id":"https:\/\/www.vydis.cz\/spatny-spanek-bude-minulosti\/","headline":"\u0160patn\u00fd sp\u00e1nek bude minulost\u00ed","url":"https:\/\/www.vydis.cz\/spatny-spanek-bude-minulosti\/","datePublished":"2024-12-05","dateModified":"2024-12-05","mainEntityOfPage":"https:\/\/www.vydis.cz\/spatny-spanek-bude-minulosti\/","author":{"@type":"Person","@id":"https:\/\/www.vydis.cz\/author\/#Person","name":"","url":"https:\/\/www.vydis.cz\/author\/","identifier":1,"image":{"@type":"ImageObject","@id":"https:\/\/secure.gravatar.com\/avatar\/c61c2d82e330ff9c70cf023b4c62d411e8407bcb38f85df591fa270717754b44?s=96&d=mm&r=g","url":"https:\/\/secure.gravatar.com\/avatar\/c61c2d82e330ff9c70cf023b4c62d411e8407bcb38f85df591fa270717754b44?s=96&d=mm&r=g","height":96,"width":96}},"publisher":{"@type":"Organization","name":"vydis.cz","logo":{"@type":"ImageObject","@id":"\/logo.png","url":"\/logo.png","width":600,"height":60}},"image":null,"wordCount":254,"keywords":null},{"@type":"Article","@id":"https:\/\/www.vydis.cz\/zajistete-si-tepelny-komfort-a-odlehcete-penezence\/","headline":"Zajist\u011bte si tepeln\u00fd komfort a odleh\u010dete pen\u011b\u017eence","url":"https:\/\/www.vydis.cz\/zajistete-si-tepelny-komfort-a-odlehcete-penezence\/","datePublished":"2024-11-22","dateModified":"2024-11-22","mainEntityOfPage":"https:\/\/www.vydis.cz\/zajistete-si-tepelny-komfort-a-odlehcete-penezence\/","author":{"@type":"Person","@id":"https:\/\/www.vydis.cz\/author\/#Person","name":"","url":"https:\/\/www.vydis.cz\/author\/","identifier":1,"image":{"@type":"ImageObject","@id":"https:\/\/secure.gravatar.com\/avatar\/c61c2d82e330ff9c70cf023b4c62d411e8407bcb38f85df591fa270717754b44?s=96&d=mm&r=g","url":"https:\/\/secure.gravatar.com\/avatar\/c61c2d82e330ff9c70cf023b4c62d411e8407bcb38f85df591fa270717754b44?s=96&d=mm&r=g","height":96,"width":96}},"publisher":{"@type":"Organization","name":"vydis.cz","logo":{"@type":"ImageObject","@id":"\/logo.png","url":"\/logo.png","width":600,"height":60}},"image":null,"wordCount":200,"keywords":null},{"@type":"Article","@id":"https:\/\/www.vydis.cz\/nebojte-se-vybrat-si\/","headline":"Nebojte se vybrat si","url":"https:\/\/www.vydis.cz\/nebojte-se-vybrat-si\/","datePublished":"2024-11-18","dateModified":"2024-11-18","mainEntityOfPage":"https:\/\/www.vydis.cz\/nebojte-se-vybrat-si\/","author":{"@type":"Person","@id":"https:\/\/www.vydis.cz\/author\/#Person","name":"","url":"https:\/\/www.vydis.cz\/author\/","identifier":1,"image":{"@type":"ImageObject","@id":"https:\/\/secure.gravatar.com\/avatar\/c61c2d82e330ff9c70cf023b4c62d411e8407bcb38f85df591fa270717754b44?s=96&d=mm&r=g","url":"https:\/\/secure.gravatar.com\/avatar\/c61c2d82e330ff9c70cf023b4c62d411e8407bcb38f85df591fa270717754b44?s=96&d=mm&r=g","height":96,"width":96}},"publisher":{"@type":"Organization","name":"vydis.cz","logo":{"@type":"ImageObject","@id":"\/logo.png","url":"\/logo.png","width":600,"height":60}},"image":null,"wordCount":231,"keywords":null},{"@type":"Article","@id":"https:\/\/www.vydis.cz\/detsky-nabytek-je-pekne-reseny\/","headline":"D\u011btsk\u00fd n\u00e1bytek je p\u011bkn\u011b \u0159e\u0161en\u00fd","url":"https:\/\/www.vydis.cz\/detsky-nabytek-je-pekne-reseny\/","datePublished":"2024-11-12","dateModified":"2024-11-12","mainEntityOfPage":"https:\/\/www.vydis.cz\/detsky-nabytek-je-pekne-reseny\/","author":{"@type":"Person","@id":"https:\/\/www.vydis.cz\/author\/#Person","name":"","url":"https:\/\/www.vydis.cz\/author\/","identifier":1,"image":{"@type":"ImageObject","@id":"https:\/\/secure.gravatar.com\/avatar\/c61c2d82e330ff9c70cf023b4c62d411e8407bcb38f85df591fa270717754b44?s=96&d=mm&r=g","url":"https:\/\/secure.gravatar.com\/avatar\/c61c2d82e330ff9c70cf023b4c62d411e8407bcb38f85df591fa270717754b44?s=96&d=mm&r=g","height":96,"width":96}},"publisher":{"@type":"Organization","name":"vydis.cz","logo":{"@type":"ImageObject","@id":"\/logo.png","url":"\/logo.png","width":600,"height":60}},"image":null,"wordCount":251,"keywords":null}]},{"@context":"https:\/\/schema.org","@type":"WebSite","@id":"https:\/\/www.vydis.cz\/#website","name":"Vydis","url":"https:\/\/www.vydis.cz","potentialAction":{"@type":"SearchAction","target":"https:\/\/www.vydis.cz\/?s={search_term_string}","query-input":"required name=search_term_string"}}]