[{"@context":"https:\/\/schema.org\/","@type":"Article","@id":"https:\/\/www.vydis.cz\/napady-na-svatebni-dary\/#Article","mainEntityOfPage":"https:\/\/www.vydis.cz\/napady-na-svatebni-dary\/","headline":"N\u00e1pady na svatebn\u00ed dary","name":"N\u00e1pady na svatebn\u00ed dary","description":"Pokud man\u017eelsk\u00fd p\u00e1r pl\u00e1nuje svatbu, chce to opravdu hodn\u011b za\u0159izov\u00e1n\u00ed. Ale den si pot\u00e9 u\u017eij\u00ed v\u00edc ne\u017e dost. \u010casto hosty \u017e\u00e1daj\u00ed sp\u00ed\u0161e o pen\u00edze, n\u011bkte\u0159\u00ed d\u00e1vaj\u00ed v\u011bd\u011bt. Nebo m\u016f\u017eete vyu\u017e\u00edt zn\u00e1most a zapamatovat si, o \u010dem v\u017edy mluv\u00ed, \u017ee by si po\u0159\u00eddili. Ale tak\u00e9 jim m\u016f\u017eete po\u0159\u00eddit v\u011bc, kterou ji\u017e maj\u00ed, ale bude tak n\u00e1dhern\u00e1,...","datePublished":"2019-07-27","dateModified":"2023-05-19","author":{"@type":"Person","@id":"https:\/\/www.vydis.cz\/author\/#Person","name":"","url":"https:\/\/www.vydis.cz\/author\/","identifier":1,"image":{"@type":"ImageObject","@id":"https:\/\/secure.gravatar.com\/avatar\/c61c2d82e330ff9c70cf023b4c62d411e8407bcb38f85df591fa270717754b44?s=96&d=mm&r=g","url":"https:\/\/secure.gravatar.com\/avatar\/c61c2d82e330ff9c70cf023b4c62d411e8407bcb38f85df591fa270717754b44?s=96&d=mm&r=g","height":96,"width":96}},"publisher":{"@type":"Organization","name":"vydis.cz","logo":{"@type":"ImageObject","@id":"\/logo.png","url":"\/logo.png","width":600,"height":60}},"image":{"@type":"ImageObject","@id":"https:\/\/www.vydis.cz\/wp-content\/uploads\/img_a349979_w2238_t1564907256.jpg","url":"https:\/\/www.vydis.cz\/wp-content\/uploads\/img_a349979_w2238_t1564907256.jpg","height":0,"width":0},"url":"https:\/\/www.vydis.cz\/napady-na-svatebni-dary\/","wordCount":449,"articleBody":"Pokud man\u017eelsk\u00fd p\u00e1r pl\u00e1nuje svatbu, chce to opravdu hodn\u011b za\u0159izov\u00e1n\u00ed. Ale den si pot\u00e9 u\u017eij\u00ed v\u00edc ne\u017e dost. \u010casto hosty \u017e\u00e1daj\u00ed sp\u00ed\u0161e o pen\u00edze, n\u011bkte\u0159\u00ed d\u00e1vaj\u00ed v\u011bd\u011bt. Nebo m\u016f\u017eete vyu\u017e\u00edt zn\u00e1most a zapamatovat si, o \u010dem v\u017edy mluv\u00ed, \u017ee by si po\u0159\u00eddili. Ale tak\u00e9 jim m\u016f\u017eete po\u0159\u00eddit v\u011bc, kterou ji\u017e maj\u00ed, ale bude tak n\u00e1dhern\u00e1, \u017ee si ji nechaj\u00ed a budou ji v\u017edy vyu\u017e\u00edvat.\u00a0\u00a0\u00a0\u00a0\u00a0\u00a0\u00a0\u00a0\u00a0\u00a0\u00a0 M\u016f\u017eete v\u011bnovat novoman\u017eel\u016fm sadu n\u00e1dob\u00ed, pokud ji uv\u00edtaj\u00ed. M\u016f\u017ee b\u00fdt p\u0159\u00edmo pro n\u011b, mohou b\u00fdt nadepsan\u00e9 r\u016fzn\u00fdmi cit\u00e1ty, nebo zamilovan\u00fdmi slovy \u010di souslov\u00edmi. Nebo p\u0159id\u00e1te jejich jm\u00e9na, ale zde se hod\u00ed, aby byl vzor i n\u00e1pis sp\u00ed\u0161e minimalistick\u00fd. Pokud p\u0159ijdete na n\u00e1v\u0161t\u011bvu nejen vy, ale i jin\u00ed host\u00e9, jist\u011b se nesetkaj\u00ed s jin\u00fdm n\u00e1dob\u00edm.\u00a0\u00a0\u00a0\u00a0\u00a0\u00a0\u00a0\u00a0\u00a0\u00a0\u00a0 Velmi zaj\u00edmav\u00fdm a origin\u00e1ln\u00edm n\u00e1padem je d\u0159ev\u011bn\u00e9 prkno na kr\u00e1jen\u00ed s vyp\u00e1len\u00fdm motivem jejich jmen, nebo op\u011bt n\u011bjak\u00fdm zamilovan\u00fd cit\u00e1tem. Takov\u00fd n\u00e1pad nejen, \u017ee je dost praktick\u00fd, jeliko\u017e pokud by jej pou\u017e\u00edvali, tak se jim prk\u00e9nka hod\u00ed v\u00edce, ale vypad\u00e1 kr\u00e1sn\u011b a ka\u017ed\u00fd den jim m\u016f\u017ee p\u0159ipom\u00ednat jejich speci\u00e1ln\u00ed ud\u00e1lost. Pokud op\u011bt zvol\u00edte sp\u00ed\u0161e minimalisti\u010dt\u011bj\u0161\u00ed vzhled, jist\u011b se bude hodit i do bytu, a\u0165 u\u017e bude vypadat jakkoliv.\u00a0\u00a0\u00a0\u00a0\u00a0\u00a0\u00a0\u00a0\u00a0\u00a0\u00a0 Pro\u010d tak\u00e9 novoman\u017eele neobdarovat nap\u0159\u00edklad z\u00e1jezdem? M\u016f\u017eete se na n\u011bj slo\u017eit ve v\u00edce, a pokud v\u00edte, kam by se p\u00e1r cht\u011bl opravdu pod\u00edvat, spln\u00edte jim sen. Pen\u00edze p\u00e1r jist\u011b ocen\u00ed, ale n\u011bjak\u00fd ten z\u00e1\u017eitek, na kter\u00fd nemus\u00ed \u0161et\u0159it, bude jist\u011b mnohem lep\u0161\u00ed volbou. M\u016f\u017ee to b\u00fdt do zahrani\u010d\u00ed, do \u010cech, kam jen budete cht\u00edt. Sta\u010d\u00ed p\u00e1r n\u00e1v\u0161t\u011bv a p\u00e1r diskus\u00ed s p\u0159\u00edbuzn\u00fdmi a uvid\u00edte, \u017ee budete m\u00edt jasno v tom, jakou destinaci zvolit.\u00a0\u00a0\u00a0\u00a0\u00a0\u00a0\u00a0\u00a0\u00a0\u00a0\u00a0 Samoz\u0159ejm\u011b krom\u011b t\u011bchto dar\u016f m\u016f\u017ee b\u00fdt zaj\u00edmav\u00e1 i oby\u010dejn\u00e1 v\u00e1no\u010dn\u00ed ozdob \u010di jin\u00e1 dekorace, kter\u00e1 bude zn\u00e1zor\u0148ovat nev\u011bstu a \u017eenicha s jejich jm\u00e9ny. Tu si pot\u00e9 mohou v\u017edy jednou za rok vyt\u00e1hnout a polo\u017eit si ji na krb nebo pov\u011bsit na stromek. A v\u017edy si vzpomenou na sv\u016fj n\u00e1dhern\u00fd svatebn\u00ed den a na toho, kdo je takto romanticky obdaroval.                                                                                                                                                                                                                                                                                                                                                                                        4.4\/5 - (8 votes)        "},{"@context":"https:\/\/schema.org\/","@type":"BreadcrumbList","itemListElement":[{"@type":"ListItem","position":1,"name":"N\u00e1pady na svatebn\u00ed dary","item":"https:\/\/www.vydis.cz\/napady-na-svatebni-dary\/#breadcrumbitem"}]}]