[{"@context":"https:\/\/schema.org\/","@type":"Article","@id":"https:\/\/www.vydis.cz\/madeira-ostrov-vecneho-jara\/#Article","mainEntityOfPage":"https:\/\/www.vydis.cz\/madeira-ostrov-vecneho-jara\/","headline":"Madeira, ostrov v\u011b\u010dn\u00e9ho jara","name":"Madeira, ostrov v\u011b\u010dn\u00e9ho jara","description":"Pokud hled\u00e1te dovolenou, kde se chcete cel\u00fd den v\u00e1let na pl\u00e1\u017ei a chytat bronz, Madeiru rad\u011bji vynechte. Nevelk\u00fd ostrov o rozloze 740 km2, le\u017e\u00edc\u00ed v Atlantick\u00e9m oce\u00e1nu, je vhodn\u00fd pro milovn\u00edky p\u011b\u0161\u00ed turistiky a obdivovatel\u016f rozmanit\u00e9 fl\u00f3ry. P\u0159in\u00e1\u0161\u00edme v\u00e1m n\u011bkolik zaj\u00edmavost\u00ed a tip\u016f, na kter\u00e9 se m\u016f\u017eete p\u0159i pozn\u00e1v\u00e1n\u00ed tohoto portugalsk\u00e9ho ostrova t\u011b\u0161it.&#13; &#13; &#13;...","datePublished":"2019-08-11","dateModified":"2023-05-19","author":{"@type":"Person","@id":"https:\/\/www.vydis.cz\/author\/#Person","name":"","url":"https:\/\/www.vydis.cz\/author\/","identifier":1,"image":{"@type":"ImageObject","@id":"https:\/\/secure.gravatar.com\/avatar\/c61c2d82e330ff9c70cf023b4c62d411e8407bcb38f85df591fa270717754b44?s=96&d=mm&r=g","url":"https:\/\/secure.gravatar.com\/avatar\/c61c2d82e330ff9c70cf023b4c62d411e8407bcb38f85df591fa270717754b44?s=96&d=mm&r=g","height":96,"width":96}},"publisher":{"@type":"Organization","name":"vydis.cz","logo":{"@type":"ImageObject","@id":"\/logo.png","url":"\/logo.png","width":600,"height":60}},"image":{"@type":"ImageObject","@id":"https:\/\/www.vydis.cz\/wp-content\/uploads\/img_a353898_w3188_t1568475588.jpg","url":"https:\/\/www.vydis.cz\/wp-content\/uploads\/img_a353898_w3188_t1568475588.jpg","height":0,"width":0},"url":"https:\/\/www.vydis.cz\/madeira-ostrov-vecneho-jara\/","about":["Cestov\u00e1n\u00ed\r"],"wordCount":593,"articleBody":"Pokud hled\u00e1te dovolenou, kde se chcete cel\u00fd den v\u00e1let na pl\u00e1\u017ei a chytat bronz, Madeiru rad\u011bji vynechte. Nevelk\u00fd ostrov o rozloze 740 km2, le\u017e\u00edc\u00ed v Atlantick\u00e9m oce\u00e1nu, je vhodn\u00fd pro milovn\u00edky p\u011b\u0161\u00ed turistiky a obdivovatel\u016f rozmanit\u00e9 fl\u00f3ry. P\u0159in\u00e1\u0161\u00edme v\u00e1m n\u011bkolik zaj\u00edmavost\u00ed a tip\u016f, na kter\u00e9 se m\u016f\u017eete p\u0159i pozn\u00e1v\u00e1n\u00ed tohoto portugalsk\u00e9ho ostrova t\u011b\u0161it.&#13; &#13; &#13; Asi prvn\u00ed kroky v\u00e1s zavedou do hlavn\u00edho m\u011bsta ostrova o rozloze 75 km2 a p\u0159ibli\u017en\u011b 100 000 obyvatel (z celkov\u00e9ho po\u010dtu n\u011bco p\u0159es 250 000). Funchal je kr\u00e1sn\u00e9 m\u011bsto, kde nen\u00ed nouze o malebn\u00e9 obch\u016fdky ani pestrou nab\u00eddku restaurac\u00ed. Naleznete zde kr\u00e1sn\u00fd p\u0159\u00edstav, ze kter\u00e9ho m\u00e1te mo\u017enost vid\u011bt t\u00e9m\u011b\u0159 cel\u00e9 m\u011bsto. \u00da\u0159edn\u00edm jazykem je zde (jako na cel\u00e9m ostrov\u011b) portugal\u0161tina, ale domluv\u00edte se zde bez probl\u00e9mu anglicky a \u010d\u00e1ste\u010dn\u011b i n\u011bkter\u00fdmi dal\u0161\u00edmi jazyky.&#13; &#13; &#13; Z m\u011bsta se m\u016f\u017eete vydat lanovkou vzh\u016fru do \u010d\u00e1sti zvan\u00e9 Monte. Na tomto kopci naleznete p\u0159ekr\u00e1snou botanickou zahradu, kde si m\u016f\u017eete prohl\u00e9dnout a poznat v\u0161echny ty kr\u00e1sn\u00e9 rostliny, kter\u00e9 na ostrov\u011b m\u00e1te mo\u017enost vid\u011bt. Nedaleko lanovky je tak\u00e9 kostel Nanebevzet\u00ed Panny Marie, kde je tak\u00e9 pro n\u00e1s \u010cechy jedna zaj\u00edmavost, a to, \u017ee v kostele je hrob c\u00edsa\u0159e Karla I., kter\u00fd na ostrov emigroval a je\u0161t\u011b jako mlad\u00fd zde zem\u0159el na z\u00e1pal plic. Z Monte se zp\u011bt do centra Funchalu m\u016f\u017eete nechat sv\u00e9zt na speci\u00e1ln\u00edch \u201esan\u00edch\u201c, kter\u00e9 \u0159\u00edd\u00ed za pln\u00e9ho provozu v\u017edy dva mu\u017ei a v p\u0159\u00edpad\u011b nutnosti brzd\u00ed vlastn\u00edmi podr\u00e1\u017ekami. &#13; &#13; Dal\u0161\u00ed m\u00edsto, kter\u00e9 stoj\u00ed na prozkoum\u00e1n\u00ed je vrchol Pico do Arieiro, druh\u00fd nejvy\u0161\u0161\u00ed vrchol ostrova, na kter\u00fd se dostanete bez probl\u00e9mu autem t\u00e9m\u011b\u0159 a\u017e na vrchol. Nejvy\u0161\u0161\u00edm vrcholkem je potom Pico Ruivo, na kter\u00fd v\u0161ak mus\u00edte doj\u00edt po sv\u00fdch (lze z vrcholu Pico do Arieiro), doporu\u010duje se ale jen alespo\u0148 trochu zdatn\u011bj\u0161\u00edm turist\u016fm.&#13; &#13; &#13; Zaj\u00edmavost\u00ed je potom i m\u011bste\u010dko Porto Mon\u00edz le\u017e\u00edc\u00ed na severoz\u00e1pad\u011b ostrova. Obvykle tu fouk\u00e1 chladn\u011bj\u0161\u00ed a siln\u011bj\u0161\u00ed v\u00edtr \u2013 \u00fachvatn\u00e9 je pozorovat vlny bi\u010duj\u00edc\u00ed \u00fatesy Atlantick\u00e9ho oce\u00e1nu. Nach\u00e1zej\u00ed se zde tak\u00e9 mal\u00e1 vulkanick\u00e1 jez\u00edrka, ve kter\u00fdch je mo\u017eno, za dobr\u00e9ho po\u010das\u00ed, se vykoupat. Za n\u00e1v\u0161t\u011bvu stoj\u00ed i mal\u00e9 akv\u00e1rium hned vedle promen\u00e1dy a vulkanick\u00fdch jez\u00edrek.&#13; &#13; Zvl\u00e1\u0161tn\u00ed \u010d\u00e1st\u00ed ostrova je Ponta de S\u00e3o Louren\u00e7o, nejv\u00fdchodn\u011bj\u0161\u00ed \u010d\u00e1st vyb\u00edhaj\u00edc\u00ed daleko do oce\u00e1nu. Na rozd\u00edl od zbytku ostrova, tato oblast p\u0159ipom\u00edn\u00e1 men\u0161\u00ed pou\u0161\u0165, t\u00e9m\u011b\u0159 nic zde neroste, d\u00edky siln\u00e9mu v\u011btru po cel\u00fd rok je krajina vyprahl\u00e1. Nab\u00edz\u00ed se ale p\u0159\u00edmo \u00fachvatn\u00fd pohled na strm\u00e9 \u00fatesy a nekone\u010dn\u00fd oce\u00e1n. Budete si zde p\u0159ipadat jako na konci sv\u011bta.&#13; &#13; Za zm\u00ednku stoj\u00ed i lev\u00e1dy, co\u017e jsou um\u011ble vytvo\u0159en\u00e9 zavla\u017eovac\u00ed kan\u00e1lkypod\u00e9l kter\u00fdch \u010dasto vedou turistick\u00e9 stezky r\u016fzn\u00fdch obt\u00ed\u017enost\u00ed. Nejjednodu\u0161\u0161\u00ed z nich &#8211; Levada dos Piornais &#8211; za\u010d\u00edn\u00e1 kousek od fotbalov\u00e9ho stadionu Est\u00e1dio dos Barreiros.&#13; &#13; Pokud tedy zji\u0161\u0165ujete, kam za kr\u00e1sami p\u0159\u00edrody, ostrov Madeira rozhodn\u011b stoj\u00ed za n\u00e1v\u0161t\u011bvu.&#13;                                                                                                                                                                                                                                                                                                                                                                                         3.8\/5 - (11 votes)        "},{"@context":"https:\/\/schema.org\/","@type":"BreadcrumbList","itemListElement":[{"@type":"ListItem","position":1,"name":"Madeira, ostrov v\u011b\u010dn\u00e9ho jara","item":"https:\/\/www.vydis.cz\/madeira-ostrov-vecneho-jara\/#breadcrumbitem"}]}]