[{"@context":"https:\/\/schema.org\/","@type":"Article","@id":"https:\/\/www.vydis.cz\/jake-nalezitosti-musi-obsahovat-zamestnancem-dana-vypoved\/#Article","mainEntityOfPage":"https:\/\/www.vydis.cz\/jake-nalezitosti-musi-obsahovat-zamestnancem-dana-vypoved\/","headline":"Jak\u00e9 n\u00e1le\u017eitosti mus\u00ed obsahovat zam\u011bstnancem dan\u00e1 v\u00fdpov\u011b\u010f?","name":"Jak\u00e9 n\u00e1le\u017eitosti mus\u00ed obsahovat zam\u011bstnancem dan\u00e1 v\u00fdpov\u011b\u010f?","description":"Nezapome\u0148te na formu V\u00a0prv\u00e9 \u0159ad\u011b je pot\u0159eba si uv\u011bdomit, \u017ee v\u00fdpov\u011b\u010f m\u016f\u017ee b\u00fdt pouze p\u00edsemn\u00e1. K\u00a0jak\u00e9koliv jin\u00e9 form\u011b v\u00fdpov\u011bdi se nep\u0159ihl\u00ed\u017e\u00ed a st\u00e1v\u00e1 se tak nicotnou. Pokud se nedohodnete se zam\u011bstnavatelem jinak, plat\u00ed u v\u00fdpov\u011bdi dvoum\u011bs\u00ed\u010dn\u00ed v\u00fdpov\u011bdn\u00ed doba. Av\u0161ak zde je pot\u0159eba d\u00e1t si pozor. Tato doba za\u010d\u00edn\u00e1 b\u011b\u017eet a\u017e od prvn\u00edho dne n\u00e1sleduj\u00edc\u00edho m\u011bs\u00edce,...","datePublished":"2019-07-26","dateModified":"2023-05-19","author":{"@type":"Person","@id":"https:\/\/www.vydis.cz\/author\/#Person","name":"","url":"https:\/\/www.vydis.cz\/author\/","identifier":1,"image":{"@type":"ImageObject","@id":"https:\/\/secure.gravatar.com\/avatar\/c61c2d82e330ff9c70cf023b4c62d411e8407bcb38f85df591fa270717754b44?s=96&d=mm&r=g","url":"https:\/\/secure.gravatar.com\/avatar\/c61c2d82e330ff9c70cf023b4c62d411e8407bcb38f85df591fa270717754b44?s=96&d=mm&r=g","height":96,"width":96}},"publisher":{"@type":"Organization","name":"vydis.cz","logo":{"@type":"ImageObject","@id":"\/logo.png","url":"\/logo.png","width":600,"height":60}},"image":{"@type":"ImageObject","@id":"https:\/\/www.vydis.cz\/wp-content\/uploads\/img_a349870_w2535_t1564859580.jpg","url":"https:\/\/www.vydis.cz\/wp-content\/uploads\/img_a349870_w2535_t1564859580.jpg","height":0,"width":0},"url":"https:\/\/www.vydis.cz\/jake-nalezitosti-musi-obsahovat-zamestnancem-dana-vypoved\/","wordCount":388,"articleBody":"Nezapome\u0148te na formu\tV\u00a0prv\u00e9 \u0159ad\u011b je pot\u0159eba si uv\u011bdomit, \u017ee v\u00fdpov\u011b\u010f m\u016f\u017ee b\u00fdt pouze p\u00edsemn\u00e1. K\u00a0jak\u00e9koliv jin\u00e9 form\u011b v\u00fdpov\u011bdi se nep\u0159ihl\u00ed\u017e\u00ed a st\u00e1v\u00e1 se tak nicotnou. Pokud se nedohodnete se zam\u011bstnavatelem jinak, plat\u00ed u v\u00fdpov\u011bdi dvoum\u011bs\u00ed\u010dn\u00ed v\u00fdpov\u011bdn\u00ed doba. Av\u0161ak zde je pot\u0159eba d\u00e1t si pozor. Tato doba za\u010d\u00edn\u00e1 b\u011b\u017eet a\u017e od prvn\u00edho dne n\u00e1sleduj\u00edc\u00edho m\u011bs\u00edce, kdy v\u00fdpov\u011b\u010f pod\u00e1te. Pod\u00e1te-li v\u00fdpov\u011b\u010f tedy nap\u0159. 1. srpna, za\u010d\u00edn\u00e1 v\u00fdpov\u011bdn\u00ed doba b\u011b\u017eet a\u017e od 1. z\u00e1\u0159\u00ed, zat\u00edmco u v\u00fdpov\u011bdi podan\u00e9 31. \u010dervence po\u010d\u00edn\u00e1 v\u00fdpov\u011bdn\u00ed doba b\u011b\u017eet ji\u017e 1. srpna.\t\tD\u016fvod uv\u00e1d\u011bt nemus\u00edte\t\u010castou ot\u00e1zkou u zam\u011bstnanc\u016f b\u00fdv\u00e1, zdali mus\u00ed ud\u00e1vat u v\u00fdpov\u011bdi d\u016fvod, pro\u010d odch\u00e1zej\u00ed. Z\u00e1kon\u00edk pr\u00e1ce je stvo\u0159en p\u0159edev\u0161\u00edm pro to, aby chr\u00e1nil pr\u00e1va zam\u011bstnanc\u016f. Z\u00a0tohoto d\u016fvodu m\u00e1te oproti v\u00fdpov\u011bdi dan\u00e9 zam\u011bstnavatelem v\u00fdhodu a d\u016fvod uv\u00e1d\u011bt nemus\u00edte.\tP\u0159ipravte si 2 verze nebo si domluvte 2 sv\u011bdky\tJeliko\u017e se jedn\u00e1 o jednostrann\u00fd adresovan\u00fd \u00fakon, m\u011bl by V\u00e1m zam\u011bstnavatel podepsat p\u0159evzet\u00ed v\u00fdpov\u011bdi, v\u010detn\u011b uveden\u00ed data, aby pak nevznikaly jak\u00e9koliv spekulace, od kdy vlastn\u011b b\u011b\u017e\u00ed v\u00fdpov\u011bdn\u00ed doba. Je lep\u0161\u00ed m\u00edt jednu verzi pro zam\u011bstnavatele a jednu pro jistotu pro sebe. Ob\u011b zam\u011bstnavatel podep\u00ed\u0161e. Pokud zam\u011bstnavatel odm\u00edtne podepsat, je dobr\u00e9 m\u00edt u sebe 2 sv\u011bdky, kte\u0159\u00ed potvrd\u00ed odm\u00edtnut\u00ed p\u0159evzet\u00ed u p\u0159\u00edpadn\u00e9ho sporu. Nejedn\u00e1 se o \u017e\u00e1dnou dvoustrannou nebo v\u00edcestrannou smlouvu a zam\u011bstnavatel je tak povinen p\u0159ijmout v\u00fdpov\u011b\u010f i p\u0159es jeho nesouhlas.\t\tOdvol\u00e1n\u00ed v\u00fdpov\u011bdi\tPokud by si \u010dlov\u011bk celou situaci rozmyslel a cht\u011bl v\u00fdpov\u011b\u010f st\u00e1hnout s\u00a0uveden\u00edm v\u0161eho do p\u016fvodn\u00edho stavu, tak nemus\u00ed zoufat, st\u00e1le m\u00e1 mo\u017enost. Ov\u0161em za podm\u00ednek, \u017ee s\u00a0t\u00edm bude souhlasit i\u00a0zam\u011bstnavatel. Odvol\u00e1n\u00ed v\u00fdpov\u011bdi, a to v\u010detn\u011b souhlasu zam\u011bstnavatele, mus\u00ed b\u00fdt oblig\u00e1tn\u011b p\u00edsemn\u011b.\t\u00a0                                                                                                                                                                                                                                                                                                                                                                                        4.7\/5 - (8 votes)        "},{"@context":"https:\/\/schema.org\/","@type":"BreadcrumbList","itemListElement":[{"@type":"ListItem","position":1,"name":"Jak\u00e9 n\u00e1le\u017eitosti mus\u00ed obsahovat zam\u011bstnancem dan\u00e1 v\u00fdpov\u011b\u010f?","item":"https:\/\/www.vydis.cz\/jake-nalezitosti-musi-obsahovat-zamestnancem-dana-vypoved\/#breadcrumbitem"}]}]